
{"id":45427,"date":"2026-07-20T20:23:56","date_gmt":"2026-07-21T00:23:56","guid":{"rendered":"https:\/\/digepres.gob.do\/?p=45427"},"modified":"2026-07-21T15:39:48","modified_gmt":"2026-07-21T19:39:48","slug":"republica-dominicana-participa-en-conferencia-regional-sobre-lucha-contra-la-corrupcion-en-costa-rica","status":"publish","type":"post","link":"https:\/\/digepres.gob.do\/en\/republica-dominicana-participa-en-conferencia-regional-sobre-lucha-contra-la-corrupcion-en-costa-rica\/","title":{"rendered":"Dominican Republic participates in regional conference on the fight against corruption in Costa Rica"},"content":{"rendered":"<p class=\"wp-block-paragraph\"><em>Rijo Presbot, along with the Dominican delegation, will share the country&#039;s experience in strengthening public finances, budget transparency, and modernizing fiscal management.<\/em><\/p>\n\n\n\n<p class=\"wp-block-paragraph\">San Jos\u00e9, Costa Rica. \u2013 The CEO of<a href=\"https:\/\/digepres.gob.do\/en\/\" data-type=\"link\" data-id=\"https:\/\/digepres.gob.do\/\"> Budget<\/a>Jos\u00e9 Rijo Presbot will participate in the Conference <em>&quot;Renewal of the roadmap of the Regional Platform to Accelerate the Implementation of the United Nations Convention against Corruption in Central America&quot;<\/em>, which is held from July 21 to 23 in San Jos\u00e9, Costa Rica.<\/p>\n\n\n\n<p class=\"wp-block-paragraph\">The conference brings together representatives from Costa Rica, El Salvador, Guatemala, Honduras, Panama, and the Dominican Republic, with the purpose of updating the regional roadmap to strengthen the implementation of the United Nations Convention against Corruption. <a href=\"https:\/\/www.unodc.org\/corruption\/en\/uncac\/index.html\" data-type=\"link\" data-id=\"https:\/\/www.unodc.org\/corruption\/en\/uncac\/index.html\">(UNCAC)<\/a>, through the exchange of experiences, the identification of priorities and the definition of joint actions for the period 2026-2028.<\/p>\n\n\n\n<p class=\"wp-block-paragraph\">Rijo Presbot is part of the Dominican delegation along with the Director General of Public Procurement, Carlos Pimentel, and the Executive Director of the General Directorate for the Recovery of Assets.<a href=\"https:\/\/www.dgrv.coop\/es\/\" data-type=\"link\" data-id=\"https:\/\/www.dgrv.coop\/es\/\"> (DGRB)<\/a>Fernando Henr\u00edquez, who will participate in the spaces for dialogue and exchange of good practices on transparency, integrity and institutional strengthening.<\/p>\n\n\n\n<p class=\"wp-block-paragraph\">During the meeting, organized by the United Nations Office on Drugs and Crime<a href=\"https:\/\/www.unodc.org\/\" data-type=\"link\" data-id=\"https:\/\/www.unodc.org\/\"> (UNODC)<\/a>The Ministry of Justice and Peace and the Public Ethics Prosecutor&#039;s Office of Costa Rica, with the support of the Government of Canada, the head of the <a href=\"https:\/\/www.instagram.com\/digepresrd\/\" data-type=\"link\" data-id=\"https:\/\/www.instagram.com\/digepresrd\/\">General Budget Directorate<\/a> will share the Dominican Republic&#039;s experience in strengthening public finances, budget transparency, and modernizing fiscal management.<\/p>\n\n\n\n<p class=\"wp-block-paragraph\">The work agenda includes technical roundtables and plenary sessions to address topics such as corruption prevention and public integrity; oversight, detection, and open public management; public procurement and financial management; as well as the investigation and prosecution of corruption offenses and asset recovery. Digitalization, new technologies, the fight against organized crime, gender equality, and human rights are also incorporated as cross-cutting themes.<\/p>\n\n\n\n<p class=\"wp-block-paragraph\">The participation of the Dominican delegation reaffirms the country&#039;s commitment to strengthening transparency, accountability, and regional cooperation to consolidate more ethical, efficient, and sustainable development-oriented public institutions.<\/p>","protected":false},"excerpt":{"rendered":"<p>Rijo Presbot, junto a la delegaci\u00f3n dominicana, compartir\u00e1 la experiencia del pa\u00eds en materia de fortalecimiento de las finanzas p\u00fablicas, transparencia presupuestaria y modernizaci\u00f3n de la gesti\u00f3n fiscal. San Jos\u00e9, Costa Rica. \u2013 El director general de Presupuesto, Jos\u00e9 Rijo Presbot, participar\u00e1 en la Conferencia \"Renovaci\u00f3n de la hoja de ruta de la Plataforma Regional para Acelerar la Aplicaci\u00f3n de la Convenci\u00f3n de las Naciones Unidas contra la Corrupci\u00f3n en Centroam\u00e9rica\", que se celebra del 21 al 23 de julio en San Jos\u00e9, Costa Rica. La conferencia re\u00fane a representantes de Costa Rica, El Salvador, Guatemala, Honduras, Panam\u00e1 y Rep\u00fablica Dominicana, con el prop\u00f3sito de actualizar la hoja de ruta regional para fortalecer la implementaci\u00f3n de la Convenci\u00f3n de las Naciones Unidas contra la Corrupci\u00f3n (UNCAC), mediante el intercambio de experiencias, la identificaci\u00f3n de prioridades y la definici\u00f3n de acciones conjuntas para el per\u00edodo 2026-2028. Rijo Presbot integra la delegaci\u00f3n dominicana junto al director general de Contrataciones P\u00fablicas, Carlos Pimentel, y el director ejecutivo de la Direcci\u00f3n General de Recuperaci\u00f3n de Bienes (DGRB), Fernando Henr\u00edquez, quienes participar\u00e1n en los espacios de di\u00e1logo e intercambio de buenas pr\u00e1cticas sobre transparencia, integridad y fortalecimiento institucional. Durante el encuentro, organizado por la Oficina de las Naciones Unidas contra la Droga y el Delito (UNODC), el Ministerio de Justicia y Paz y la Procuradur\u00eda de la \u00c9tica P\u00fablica de Costa Rica, con el apoyo del Gobierno de Canad\u00e1, el titular de la Direcci\u00f3n General de Presupuesto compartir\u00e1 la experiencia de Rep\u00fablica Dominicana en materia de fortalecimiento de las finanzas p\u00fablicas, transparencia presupuestaria y modernizaci\u00f3n de la gesti\u00f3n fiscal. La agenda de trabajo contempla mesas t\u00e9cnicas y sesiones plenarias para abordar temas como la prevenci\u00f3n de la corrupci\u00f3n e integridad p\u00fablica; el control, la detecci\u00f3n y la gesti\u00f3n p\u00fablica abierta; la contrataci\u00f3n p\u00fablica y la gesti\u00f3n financiera; as\u00ed como la investigaci\u00f3n, el enjuiciamiento de delitos de corrupci\u00f3n y la recuperaci\u00f3n de activos. Asimismo, se incorporan como ejes transversales la digitalizaci\u00f3n, las nuevas tecnolog\u00edas, la lucha contra el crimen organizado, la perspectiva de g\u00e9nero y los derechos humanos. La participaci\u00f3n de la delegaci\u00f3n dominicana reafirma el compromiso del pa\u00eds con el fortalecimiento de la transparencia, la rendici\u00f3n de cuentas y la cooperaci\u00f3n regional para consolidar instituciones p\u00fablicas m\u00e1s \u00edntegras, eficientes y orientadas al desarrollo sostenible.<\/p>","protected":false},"author":1,"featured_media":30072,"comment_status":"open","ping_status":"open","sticky":false,"template":"","format":"standard","meta":{"footnotes":""},"categories":[5],"tags":[],"class_list":["post-45427","post","type-post","status-publish","format-standard","has-post-thumbnail","hentry","category-institucionales"],"yoast_head":"<!-- This site is optimized with the Yoast SEO plugin v28.2 - https:\/\/yoast.com\/product\/yoast-seo-wordpress\/ -->\n<title>Rep\u00fablica Dominicana participa en conferencia regional - NP<\/title>\n<meta name=\"description\" content=\"Rep\u00fablica Dominicana participa en conferencia regional sobre lucha contra la corrupci\u00f3n en Costa Rica Rijo Presbot, junto a la delegaci\u00f3n...\" \/>\n<meta name=\"robots\" content=\"index, follow, max-snippet:-1, max-image-preview:large, max-video-preview:-1\" \/>\n<link rel=\"canonical\" href=\"https:\/\/digepres.gob.do\/en\/republica-dominicana-participa-en-conferencia-regional-sobre-lucha-contra-la-corrupcion-en-costa-rica\/\" \/>\n<meta property=\"og:locale\" content=\"en_US\" \/>\n<meta property=\"og:type\" content=\"article\" \/>\n<meta property=\"og:title\" content=\"Rep\u00fablica Dominicana participa en conferencia regional - NP\" \/>\n<meta property=\"og:description\" content=\"Rep\u00fablica Dominicana participa en conferencia regional sobre lucha contra la corrupci\u00f3n en Costa Rica Rijo Presbot, junto a la delegaci\u00f3n...\" \/>\n<meta property=\"og:url\" content=\"https:\/\/digepres.gob.do\/en\/republica-dominicana-participa-en-conferencia-regional-sobre-lucha-contra-la-corrupcion-en-costa-rica\/\" \/>\n<meta property=\"og:site_name\" content=\"Direcci\u00f3n General de Presupuesto - Rep\u00fablica Dominicana\" \/>\n<meta property=\"article:published_time\" content=\"2026-07-21T00:23:56+00:00\" \/>\n<meta property=\"article:modified_time\" content=\"2026-07-21T19:39:48+00:00\" \/>\n<meta property=\"og:image\" content=\"https:\/\/digepres.gob.do\/wp-content\/uploads\/2022\/06\/RD-entre-los-17-paises-que-cumplen-cabalmente-con-publicacion-de-documentos-presupuestarios-scaled.jpg\" \/>\n\t<meta property=\"og:image:width\" content=\"2560\" \/>\n\t<meta property=\"og:image:height\" content=\"1703\" \/>\n\t<meta property=\"og:image:type\" content=\"image\/jpeg\" \/>\n<meta name=\"author\" content=\"dafernandez\" \/>\n<meta name=\"twitter:card\" content=\"summary_large_image\" \/>\n<meta name=\"twitter:label1\" content=\"Written by\" \/>\n\t<meta name=\"twitter:data1\" content=\"dafernandez\" \/>\n\t<meta name=\"twitter:label2\" content=\"Est. reading time\" \/>\n\t<meta name=\"twitter:data2\" content=\"2 minutes\" \/>\n<script type=\"application\/ld+json\" class=\"yoast-schema-graph\">{\"@context\":\"https:\\\/\\\/schema.org\",\"@graph\":[{\"@type\":\"Article\",\"@id\":\"https:\\\/\\\/digepres.gob.do\\\/republica-dominicana-participa-en-conferencia-regional-sobre-lucha-contra-la-corrupcion-en-costa-rica\\\/#article\",\"isPartOf\":{\"@id\":\"https:\\\/\\\/digepres.gob.do\\\/republica-dominicana-participa-en-conferencia-regional-sobre-lucha-contra-la-corrupcion-en-costa-rica\\\/\"},\"author\":{\"name\":\"dafernandez\",\"@id\":\"https:\\\/\\\/digepres.gob.do\\\/#\\\/schema\\\/person\\\/9823839a90c039ae0556d32bc6badf75\"},\"headline\":\"Rep\u00fablica Dominicana participa en conferencia regional sobre lucha contra la corrupci\u00f3n en Costa Rica\",\"datePublished\":\"2026-07-21T00:23:56+00:00\",\"dateModified\":\"2026-07-21T19:39:48+00:00\",\"mainEntityOfPage\":{\"@id\":\"https:\\\/\\\/digepres.gob.do\\\/republica-dominicana-participa-en-conferencia-regional-sobre-lucha-contra-la-corrupcion-en-costa-rica\\\/\"},\"wordCount\":449,\"commentCount\":0,\"image\":{\"@id\":\"https:\\\/\\\/digepres.gob.do\\\/republica-dominicana-participa-en-conferencia-regional-sobre-lucha-contra-la-corrupcion-en-costa-rica\\\/#primaryimage\"},\"thumbnailUrl\":\"https:\\\/\\\/digepres.gob.do\\\/wp-content\\\/uploads\\\/2022\\\/06\\\/RD-entre-los-17-paises-que-cumplen-cabalmente-con-publicacion-de-documentos-presupuestarios-scaled.jpg\",\"articleSection\":[\"Institucionales\"],\"inLanguage\":\"en-US\",\"potentialAction\":[{\"@type\":\"CommentAction\",\"name\":\"Comment\",\"target\":[\"https:\\\/\\\/digepres.gob.do\\\/republica-dominicana-participa-en-conferencia-regional-sobre-lucha-contra-la-corrupcion-en-costa-rica\\\/#respond\"]}]},{\"@type\":\"WebPage\",\"@id\":\"https:\\\/\\\/digepres.gob.do\\\/republica-dominicana-participa-en-conferencia-regional-sobre-lucha-contra-la-corrupcion-en-costa-rica\\\/\",\"url\":\"https:\\\/\\\/digepres.gob.do\\\/republica-dominicana-participa-en-conferencia-regional-sobre-lucha-contra-la-corrupcion-en-costa-rica\\\/\",\"name\":\"Rep\u00fablica Dominicana participa en conferencia regional - NP\",\"isPartOf\":{\"@id\":\"https:\\\/\\\/digepres.gob.do\\\/#website\"},\"primaryImageOfPage\":{\"@id\":\"https:\\\/\\\/digepres.gob.do\\\/republica-dominicana-participa-en-conferencia-regional-sobre-lucha-contra-la-corrupcion-en-costa-rica\\\/#primaryimage\"},\"image\":{\"@id\":\"https:\\\/\\\/digepres.gob.do\\\/republica-dominicana-participa-en-conferencia-regional-sobre-lucha-contra-la-corrupcion-en-costa-rica\\\/#primaryimage\"},\"thumbnailUrl\":\"https:\\\/\\\/digepres.gob.do\\\/wp-content\\\/uploads\\\/2022\\\/06\\\/RD-entre-los-17-paises-que-cumplen-cabalmente-con-publicacion-de-documentos-presupuestarios-scaled.jpg\",\"datePublished\":\"2026-07-21T00:23:56+00:00\",\"dateModified\":\"2026-07-21T19:39:48+00:00\",\"author\":{\"@id\":\"https:\\\/\\\/digepres.gob.do\\\/#\\\/schema\\\/person\\\/9823839a90c039ae0556d32bc6badf75\"},\"description\":\"Rep\u00fablica Dominicana participa en conferencia regional sobre lucha contra la corrupci\u00f3n en Costa Rica Rijo Presbot, junto a la delegaci\u00f3n...\",\"breadcrumb\":{\"@id\":\"https:\\\/\\\/digepres.gob.do\\\/republica-dominicana-participa-en-conferencia-regional-sobre-lucha-contra-la-corrupcion-en-costa-rica\\\/#breadcrumb\"},\"inLanguage\":\"en-US\",\"potentialAction\":[{\"@type\":\"ReadAction\",\"target\":[\"https:\\\/\\\/digepres.gob.do\\\/republica-dominicana-participa-en-conferencia-regional-sobre-lucha-contra-la-corrupcion-en-costa-rica\\\/\"]}]},{\"@type\":\"ImageObject\",\"inLanguage\":\"en-US\",\"@id\":\"https:\\\/\\\/digepres.gob.do\\\/republica-dominicana-participa-en-conferencia-regional-sobre-lucha-contra-la-corrupcion-en-costa-rica\\\/#primaryimage\",\"url\":\"https:\\\/\\\/digepres.gob.do\\\/wp-content\\\/uploads\\\/2022\\\/06\\\/RD-entre-los-17-paises-que-cumplen-cabalmente-con-publicacion-de-documentos-presupuestarios-scaled.jpg\",\"contentUrl\":\"https:\\\/\\\/digepres.gob.do\\\/wp-content\\\/uploads\\\/2022\\\/06\\\/RD-entre-los-17-paises-que-cumplen-cabalmente-con-publicacion-de-documentos-presupuestarios-scaled.jpg\",\"width\":2560,\"height\":1703,\"caption\":\"Rep\u00fablica Dominicana participa en,\"},{\"@type\":\"BreadcrumbList\",\"@id\":\"https:\\\/\\\/digepres.gob.do\\\/republica-dominicana-participa-en-conferencia-regional-sobre-lucha-contra-la-corrupcion-en-costa-rica\\\/#breadcrumb\",\"itemListElement\":[{\"@type\":\"ListItem\",\"position\":1,\"name\":\"Home\",\"item\":\"https:\\\/\\\/digepres.gob.do\\\/\"},{\"@type\":\"ListItem\",\"position\":2,\"name\":\"Rep\u00fablica Dominicana participa en conferencia regional sobre lucha contra la corrupci\u00f3n en Costa Rica\"}]},{\"@type\":\"WebSite\",\"@id\":\"https:\\\/\\\/digepres.gob.do\\\/#website\",\"url\":\"https:\\\/\\\/digepres.gob.do\\\/\",\"name\":\"Direcci\u00f3n General de Presupuesto - Rep\u00fablica Dominicana\",\"description\":\"Somos el \u00d3rgano Rector del Sistema Presupuestario Dominicano por mandato de la Ley 423-06.\",\"potentialAction\":[{\"@type\":\"SearchAction\",\"target\":{\"@type\":\"EntryPoint\",\"urlTemplate\":\"https:\\\/\\\/digepres.gob.do\\\/?s={search_term_string}\"},\"query-input\":{\"@type\":\"PropertyValueSpecification\",\"valueRequired\":true,\"valueName\":\"search_term_string\"}}],\"inLanguage\":\"en-US\"},{\"@type\":\"Person\",\"@id\":\"https:\\\/\\\/digepres.gob.do\\\/#\\\/schema\\\/person\\\/9823839a90c039ae0556d32bc6badf75\",\"name\":\"dafernandez\",\"image\":{\"@type\":\"ImageObject\",\"inLanguage\":\"en-US\",\"@id\":\"https:\\\/\\\/secure.gravatar.com\\\/avatar\\\/9de94fae9628ce6653f66759a266949a3dbd04e8a51ec89f380a94945597ca59?s=96&d=mm&r=g\",\"url\":\"https:\\\/\\\/secure.gravatar.com\\\/avatar\\\/9de94fae9628ce6653f66759a266949a3dbd04e8a51ec89f380a94945597ca59?s=96&d=mm&r=g\",\"contentUrl\":\"https:\\\/\\\/secure.gravatar.com\\\/avatar\\\/9de94fae9628ce6653f66759a266949a3dbd04e8a51ec89f380a94945597ca59?s=96&d=mm&r=g\",\"caption\":\"dafernandez\"},\"sameAs\":[\"http:\\\/\\\/digepres.gob.do\"],\"url\":\"https:\\\/\\\/digepres.gob.do\\\/en\\\/author\\\/dafernandez\\\/\"}]}<\/script>\n<!-- \/ Yoast SEO plugin. -->","yoast_head_json":{"title":"Rep\u00fablica Dominicana participa en conferencia regional - NP","description":"Rep\u00fablica Dominicana participa en conferencia regional sobre lucha contra la corrupci\u00f3n en Costa Rica Rijo Presbot, junto a la delegaci\u00f3n...","robots":{"index":"index","follow":"follow","max-snippet":"max-snippet:-1","max-image-preview":"max-image-preview:large","max-video-preview":"max-video-preview:-1"},"canonical":"https:\/\/digepres.gob.do\/en\/republica-dominicana-participa-en-conferencia-regional-sobre-lucha-contra-la-corrupcion-en-costa-rica\/","og_locale":"en_US","og_type":"article","og_title":"Rep\u00fablica Dominicana participa en conferencia regional - NP","og_description":"Rep\u00fablica Dominicana participa en conferencia regional sobre lucha contra la corrupci\u00f3n en Costa Rica Rijo Presbot, junto a la delegaci\u00f3n...","og_url":"https:\/\/digepres.gob.do\/en\/republica-dominicana-participa-en-conferencia-regional-sobre-lucha-contra-la-corrupcion-en-costa-rica\/","og_site_name":"Direcci\u00f3n General de Presupuesto - Rep\u00fablica Dominicana","article_published_time":"2026-07-21T00:23:56+00:00","article_modified_time":"2026-07-21T19:39:48+00:00","og_image":[{"width":2560,"height":1703,"url":"https:\/\/digepres.gob.do\/wp-content\/uploads\/2022\/06\/RD-entre-los-17-paises-que-cumplen-cabalmente-con-publicacion-de-documentos-presupuestarios-scaled.jpg","type":"image\/jpeg"}],"author":"dafernandez","twitter_card":"summary_large_image","twitter_misc":{"Written by":"dafernandez","Est. reading time":"2 minutes"},"schema":{"@context":"https:\/\/schema.org","@graph":[{"@type":"Article","@id":"https:\/\/digepres.gob.do\/republica-dominicana-participa-en-conferencia-regional-sobre-lucha-contra-la-corrupcion-en-costa-rica\/#article","isPartOf":{"@id":"https:\/\/digepres.gob.do\/republica-dominicana-participa-en-conferencia-regional-sobre-lucha-contra-la-corrupcion-en-costa-rica\/"},"author":{"name":"dafernandez","@id":"https:\/\/digepres.gob.do\/#\/schema\/person\/9823839a90c039ae0556d32bc6badf75"},"headline":"Rep\u00fablica Dominicana participa en conferencia regional sobre lucha contra la corrupci\u00f3n en Costa Rica","datePublished":"2026-07-21T00:23:56+00:00","dateModified":"2026-07-21T19:39:48+00:00","mainEntityOfPage":{"@id":"https:\/\/digepres.gob.do\/republica-dominicana-participa-en-conferencia-regional-sobre-lucha-contra-la-corrupcion-en-costa-rica\/"},"wordCount":449,"commentCount":0,"image":{"@id":"https:\/\/digepres.gob.do\/republica-dominicana-participa-en-conferencia-regional-sobre-lucha-contra-la-corrupcion-en-costa-rica\/#primaryimage"},"thumbnailUrl":"https:\/\/digepres.gob.do\/wp-content\/uploads\/2022\/06\/RD-entre-los-17-paises-que-cumplen-cabalmente-con-publicacion-de-documentos-presupuestarios-scaled.jpg","articleSection":["Institucionales"],"inLanguage":"en-US","potentialAction":[{"@type":"CommentAction","name":"Comment","target":["https:\/\/digepres.gob.do\/republica-dominicana-participa-en-conferencia-regional-sobre-lucha-contra-la-corrupcion-en-costa-rica\/#respond"]}]},{"@type":"WebPage","@id":"https:\/\/digepres.gob.do\/republica-dominicana-participa-en-conferencia-regional-sobre-lucha-contra-la-corrupcion-en-costa-rica\/","url":"https:\/\/digepres.gob.do\/republica-dominicana-participa-en-conferencia-regional-sobre-lucha-contra-la-corrupcion-en-costa-rica\/","name":"Rep\u00fablica Dominicana participa en conferencia regional - NP","isPartOf":{"@id":"https:\/\/digepres.gob.do\/#website"},"primaryImageOfPage":{"@id":"https:\/\/digepres.gob.do\/republica-dominicana-participa-en-conferencia-regional-sobre-lucha-contra-la-corrupcion-en-costa-rica\/#primaryimage"},"image":{"@id":"https:\/\/digepres.gob.do\/republica-dominicana-participa-en-conferencia-regional-sobre-lucha-contra-la-corrupcion-en-costa-rica\/#primaryimage"},"thumbnailUrl":"https:\/\/digepres.gob.do\/wp-content\/uploads\/2022\/06\/RD-entre-los-17-paises-que-cumplen-cabalmente-con-publicacion-de-documentos-presupuestarios-scaled.jpg","datePublished":"2026-07-21T00:23:56+00:00","dateModified":"2026-07-21T19:39:48+00:00","author":{"@id":"https:\/\/digepres.gob.do\/#\/schema\/person\/9823839a90c039ae0556d32bc6badf75"},"description":"Rep\u00fablica Dominicana participa en conferencia regional sobre lucha contra la corrupci\u00f3n en Costa Rica Rijo Presbot, junto a la delegaci\u00f3n...","breadcrumb":{"@id":"https:\/\/digepres.gob.do\/republica-dominicana-participa-en-conferencia-regional-sobre-lucha-contra-la-corrupcion-en-costa-rica\/#breadcrumb"},"inLanguage":"en-US","potentialAction":[{"@type":"ReadAction","target":["https:\/\/digepres.gob.do\/republica-dominicana-participa-en-conferencia-regional-sobre-lucha-contra-la-corrupcion-en-costa-rica\/"]}]},{"@type":"ImageObject","inLanguage":"en-US","@id":"https:\/\/digepres.gob.do\/republica-dominicana-participa-en-conferencia-regional-sobre-lucha-contra-la-corrupcion-en-costa-rica\/#primaryimage","url":"https:\/\/digepres.gob.do\/wp-content\/uploads\/2022\/06\/RD-entre-los-17-paises-que-cumplen-cabalmente-con-publicacion-de-documentos-presupuestarios-scaled.jpg","contentUrl":"https:\/\/digepres.gob.do\/wp-content\/uploads\/2022\/06\/RD-entre-los-17-paises-que-cumplen-cabalmente-con-publicacion-de-documentos-presupuestarios-scaled.jpg","width":2560,"height":1703,"caption":"Rep\u00fablica Dominicana participa en,"},{"@type":"BreadcrumbList","@id":"https:\/\/digepres.gob.do\/republica-dominicana-participa-en-conferencia-regional-sobre-lucha-contra-la-corrupcion-en-costa-rica\/#breadcrumb","itemListElement":[{"@type":"ListItem","position":1,"name":"Home","item":"https:\/\/digepres.gob.do\/"},{"@type":"ListItem","position":2,"name":"Rep\u00fablica Dominicana participa en conferencia regional sobre lucha contra la corrupci\u00f3n en Costa Rica"}]},{"@type":"WebSite","@id":"https:\/\/digepres.gob.do\/#website","url":"https:\/\/digepres.gob.do\/","name":"Direcci\u00f3n General de Presupuesto - Rep\u00fablica Dominicana","description":"Somos el \u00d3rgano Rector del Sistema Presupuestario Dominicano por mandato de la Ley 423-06.","potentialAction":[{"@type":"SearchAction","target":{"@type":"EntryPoint","urlTemplate":"https:\/\/digepres.gob.do\/?s={search_term_string}"},"query-input":{"@type":"PropertyValueSpecification","valueRequired":true,"valueName":"search_term_string"}}],"inLanguage":"en-US"},{"@type":"Person","@id":"https:\/\/digepres.gob.do\/#\/schema\/person\/9823839a90c039ae0556d32bc6badf75","name":"dafernandez","image":{"@type":"ImageObject","inLanguage":"en-US","@id":"https:\/\/secure.gravatar.com\/avatar\/9de94fae9628ce6653f66759a266949a3dbd04e8a51ec89f380a94945597ca59?s=96&d=mm&r=g","url":"https:\/\/secure.gravatar.com\/avatar\/9de94fae9628ce6653f66759a266949a3dbd04e8a51ec89f380a94945597ca59?s=96&d=mm&r=g","contentUrl":"https:\/\/secure.gravatar.com\/avatar\/9de94fae9628ce6653f66759a266949a3dbd04e8a51ec89f380a94945597ca59?s=96&d=mm&r=g","caption":"dafernandez"},"sameAs":["http:\/\/digepres.gob.do"],"url":"https:\/\/digepres.gob.do\/en\/author\/dafernandez\/"}]}},"_links":{"self":[{"href":"https:\/\/digepres.gob.do\/en\/wp-json\/wp\/v2\/posts\/45427","targetHints":{"allow":["GET"]}}],"collection":[{"href":"https:\/\/digepres.gob.do\/en\/wp-json\/wp\/v2\/posts"}],"about":[{"href":"https:\/\/digepres.gob.do\/en\/wp-json\/wp\/v2\/types\/post"}],"author":[{"embeddable":true,"href":"https:\/\/digepres.gob.do\/en\/wp-json\/wp\/v2\/users\/1"}],"replies":[{"embeddable":true,"href":"https:\/\/digepres.gob.do\/en\/wp-json\/wp\/v2\/comments?post=45427"}],"version-history":[{"count":2,"href":"https:\/\/digepres.gob.do\/en\/wp-json\/wp\/v2\/posts\/45427\/revisions"}],"predecessor-version":[{"id":45467,"href":"https:\/\/digepres.gob.do\/en\/wp-json\/wp\/v2\/posts\/45427\/revisions\/45467"}],"wp:featuredmedia":[{"embeddable":true,"href":"https:\/\/digepres.gob.do\/en\/wp-json\/wp\/v2\/media\/30072"}],"wp:attachment":[{"href":"https:\/\/digepres.gob.do\/en\/wp-json\/wp\/v2\/media?parent=45427"}],"wp:term":[{"taxonomy":"category","embeddable":true,"href":"https:\/\/digepres.gob.do\/en\/wp-json\/wp\/v2\/categories?post=45427"},{"taxonomy":"post_tag","embeddable":true,"href":"https:\/\/digepres.gob.do\/en\/wp-json\/wp\/v2\/tags?post=45427"}],"curies":[{"name":"wp","href":"https:\/\/api.w.org\/{rel}","templated":true}]}}